{"id":3183,"date":"2025-07-14T13:17:26","date_gmt":"2025-07-14T11:17:26","guid":{"rendered":"https:\/\/www.elgaucho.at\/baden-bei-wien\/?p=3183"},"modified":"2025-07-14T13:18:06","modified_gmt":"2025-07-14T11:18:06","slug":"blaue-stunde","status":"publish","type":"post","link":"https:\/\/www.elgaucho.at\/baden-bei-wien\/blaue-stunde\/","title":{"rendered":"Die perfekte Garstufe in der blauen Stunde"},"content":{"rendered":"<div class=\"container\">    \n    <div class=\"child-div bg-color-selection-black\">\n            \n            <div class=\"row \">\n                                      <div class=\"col-md-6 p-0 bgfluidimg\" data-aosx=\"fade-in\" data-parallax=\"scroll\" data-image-src=\"https:\/\/www.elgaucho.at\/baden-bei-wien\/wp-content\/uploads\/sites\/4\/2024\/06\/EGBa1-112-groesser-bearbeitet-e1717753471447-1734x1080.jpeg\" >\n                        \n                      <\/div>\n                                                          <div class=\"col-md-6 px-5 d-flex align-items-center bg-color-selection-black\" data-aos=\"fade-in\" data-aos-delay=\"250\">\n                          <div class=\"mx-auto my-5 py-5\">\n                          <h3 style=\"text-align: left;\"><strong><span class=\"fontb\">Die perfekte Garstufe in der blauen Stunde<\/span><\/strong><\/h3>\n<p style=\"text-align: left;\">Die <strong><span class=\"fontb\"><em data-start=\"179\" data-end=\"193\">blaue Stunde<\/em><\/span><\/strong> ist die Zeit kurz nach Sonnenuntergang (oder kurz vor Sonnenaufgang), in der das Tageslicht schwindet und die Umgebung in ein weiches, bl\u00e4uliches Licht getaucht wird. Dieses nat\u00fcrliche Ph\u00e4nomen entsteht, weil die Sonne knapp unter dem Horizont steht und dabei vor allem kurzwelliges, bl\u00e4uliches Licht den Himmel dominiert.<\/p>\n<p style=\"text-align: left;\" data-start=\"341\" data-end=\"479\">Das hat zwei Effekte:<\/p>\n<ol style=\"text-align: left;\" data-start=\"480\" data-end=\"735\">\n<li data-start=\"480\" data-end=\"595\">\n<p data-start=\"483\" data-end=\"595\"><strong><span class=\"fontb\">Rott\u00f6ne werden abgeschw\u00e4cht<\/span><\/strong> \u2013 also genau der Teil, der bei einem Steak f\u00fcr &#8222;medium&#8220; oder &#8222;rare&#8220; typisch ist.<\/p>\n<\/li>\n<li data-start=\"596\" data-end=\"735\">\n<p data-start=\"599\" data-end=\"735\"><span class=\"fontb\"><strong>Blau wirkt st\u00e4rker<\/strong><\/span>, was das Fleisch visuell eher gr\u00e4ulich, k\u00e4lter oder &#8222;nicht durch&#8220; erscheinen l\u00e4sst, obwohl es perfekt gegart ist.<\/p>\n<\/li>\n<\/ol>\n<p style=\"text-align: left;\" data-start=\"518\" data-end=\"828\">F\u00fcr Fotografen ist die blaue Stunde ein Traum \u2013 f\u00fcr Steakliebhaber eher ein wenig schwierig, denn sie kann die Garstufe eines perfekt zubereiteten Steaks optisch ganz anders erscheinen l\u00e4sst, als sie tats\u00e4chlich ist.<\/p>\n<p style=\"text-align: left;\" data-start=\"830\" data-end=\"1059\">Unser Tipp: <strong><span class=\"fontb\">Vertrauen Sie Ihrem Gaumen \u2013 nicht nur Ihren Augen<\/span>.<\/strong> Wenn Sie bei Sonnenuntergang speisen, kann Ihr Steak vielleicht <i>durchgebratener <\/i>aussehen, als es ist.<br \/>\nEs schmeckt aber garantiert genau so, wie Sie es bestellt haben!<\/p>\n<p style=\"text-align: left;\" data-start=\"830\" data-end=\"1059\">\n                          <\/div>\n                      <\/div>\n                                   \n            <\/div>    \t\t        \n    <\/div>    \n<\/div>\n","protected":false},"excerpt":{"rendered":"","protected":false},"author":1,"featured_media":0,"comment_status":"closed","ping_status":"closed","sticky":false,"template":"","format":"standard","meta":{"footnotes":""},"categories":[1],"tags":[],"acf":[],"yoast_head":"<!-- This site is optimized with the Yoast SEO plugin v22.9 - https:\/\/yoast.com\/wordpress\/plugins\/seo\/ -->\n<title>Die perfekte Garstufe in der blauen Stunde - el Gaucho im Josefsbad<\/title>\n<meta name=\"description\" content=\"Licht kann tr\u00fcgen: Zur blauen Stunde wirkt Ihr Steak anders gegart, als es ist \u2013 das liegt an der Lichtstimmung, nicht am Grillmeister!\" \/>\n<meta name=\"robots\" content=\"index, follow, max-snippet:-1, max-image-preview:large, max-video-preview:-1\" \/>\n<link rel=\"canonical\" href=\"https:\/\/www.elgaucho.at\/baden-bei-wien\/blaue-stunde\/\" \/>\n<meta property=\"og:locale\" content=\"de_DE\" \/>\n<meta property=\"og:type\" content=\"article\" \/>\n<meta property=\"og:title\" content=\"Die perfekte Garstufe in der blauen Stunde - el Gaucho im Josefsbad\" \/>\n<meta property=\"og:description\" content=\"Licht kann tr\u00fcgen: Zur blauen Stunde wirkt Ihr Steak anders gegart, als es ist \u2013 das liegt an der Lichtstimmung, nicht am Grillmeister!\" \/>\n<meta property=\"og:url\" content=\"https:\/\/www.elgaucho.at\/baden-bei-wien\/blaue-stunde\/\" \/>\n<meta property=\"og:site_name\" content=\"el Gaucho im Josefsbad\" \/>\n<meta property=\"article:published_time\" content=\"2025-07-14T11:17:26+00:00\" \/>\n<meta property=\"article:modified_time\" content=\"2025-07-14T11:18:06+00:00\" \/>\n<meta name=\"author\" content=\"elgaucho\" \/>\n<meta name=\"twitter:card\" content=\"summary_large_image\" \/>\n<meta name=\"twitter:label1\" content=\"Verfasst von\" \/>\n\t<meta name=\"twitter:data1\" content=\"elgaucho\" \/>\n<script type=\"application\/ld+json\" class=\"yoast-schema-graph\">{\"@context\":\"https:\/\/schema.org\",\"@graph\":[{\"@type\":\"WebPage\",\"@id\":\"https:\/\/www.elgaucho.at\/baden-bei-wien\/blaue-stunde\/\",\"url\":\"https:\/\/www.elgaucho.at\/baden-bei-wien\/blaue-stunde\/\",\"name\":\"Die perfekte Garstufe in der blauen Stunde - el Gaucho im Josefsbad\",\"isPartOf\":{\"@id\":\"https:\/\/www.elgaucho.at\/baden-bei-wien\/#website\"},\"datePublished\":\"2025-07-14T11:17:26+00:00\",\"dateModified\":\"2025-07-14T11:18:06+00:00\",\"author\":{\"@id\":\"https:\/\/www.elgaucho.at\/baden-bei-wien\/#\/schema\/person\/3e485de270f1eee57f6661a603cc1d17\"},\"description\":\"Licht kann tr\u00fcgen: Zur blauen Stunde wirkt Ihr Steak anders gegart, als es ist \u2013 das liegt an der Lichtstimmung, nicht am Grillmeister!\",\"breadcrumb\":{\"@id\":\"https:\/\/www.elgaucho.at\/baden-bei-wien\/blaue-stunde\/#breadcrumb\"},\"inLanguage\":\"de\",\"potentialAction\":[{\"@type\":\"ReadAction\",\"target\":[\"https:\/\/www.elgaucho.at\/baden-bei-wien\/blaue-stunde\/\"]}]},{\"@type\":\"BreadcrumbList\",\"@id\":\"https:\/\/www.elgaucho.at\/baden-bei-wien\/blaue-stunde\/#breadcrumb\",\"itemListElement\":[{\"@type\":\"ListItem\",\"position\":1,\"name\":\"Startseite\",\"item\":\"https:\/\/www.elgaucho.at\/baden-bei-wien\/\"},{\"@type\":\"ListItem\",\"position\":2,\"name\":\"Die perfekte Garstufe in der blauen Stunde\"}]},{\"@type\":\"WebSite\",\"@id\":\"https:\/\/www.elgaucho.at\/baden-bei-wien\/#website\",\"url\":\"https:\/\/www.elgaucho.at\/baden-bei-wien\/\",\"name\":\"el Gaucho im Josefsbad\",\"description\":\"\",\"potentialAction\":[{\"@type\":\"SearchAction\",\"target\":{\"@type\":\"EntryPoint\",\"urlTemplate\":\"https:\/\/www.elgaucho.at\/baden-bei-wien\/?s={search_term_string}\"},\"query-input\":\"required name=search_term_string\"}],\"inLanguage\":\"de\"},{\"@type\":\"Person\",\"@id\":\"https:\/\/www.elgaucho.at\/baden-bei-wien\/#\/schema\/person\/3e485de270f1eee57f6661a603cc1d17\",\"name\":\"elgaucho\",\"url\":\"https:\/\/www.elgaucho.at\/baden-bei-wien\/author\/elgaucho\/\"}]}<\/script>\n<!-- \/ Yoast SEO plugin. -->","yoast_head_json":{"title":"Die perfekte Garstufe in der blauen Stunde - el Gaucho im Josefsbad","description":"Licht kann tr\u00fcgen: Zur blauen Stunde wirkt Ihr Steak anders gegart, als es ist \u2013 das liegt an der Lichtstimmung, nicht am Grillmeister!","robots":{"index":"index","follow":"follow","max-snippet":"max-snippet:-1","max-image-preview":"max-image-preview:large","max-video-preview":"max-video-preview:-1"},"canonical":"https:\/\/www.elgaucho.at\/baden-bei-wien\/blaue-stunde\/","og_locale":"de_DE","og_type":"article","og_title":"Die perfekte Garstufe in der blauen Stunde - el Gaucho im Josefsbad","og_description":"Licht kann tr\u00fcgen: Zur blauen Stunde wirkt Ihr Steak anders gegart, als es ist \u2013 das liegt an der Lichtstimmung, nicht am Grillmeister!","og_url":"https:\/\/www.elgaucho.at\/baden-bei-wien\/blaue-stunde\/","og_site_name":"el Gaucho im Josefsbad","article_published_time":"2025-07-14T11:17:26+00:00","article_modified_time":"2025-07-14T11:18:06+00:00","author":"elgaucho","twitter_card":"summary_large_image","twitter_misc":{"Verfasst von":"elgaucho"},"schema":{"@context":"https:\/\/schema.org","@graph":[{"@type":"WebPage","@id":"https:\/\/www.elgaucho.at\/baden-bei-wien\/blaue-stunde\/","url":"https:\/\/www.elgaucho.at\/baden-bei-wien\/blaue-stunde\/","name":"Die perfekte Garstufe in der blauen Stunde - el Gaucho im Josefsbad","isPartOf":{"@id":"https:\/\/www.elgaucho.at\/baden-bei-wien\/#website"},"datePublished":"2025-07-14T11:17:26+00:00","dateModified":"2025-07-14T11:18:06+00:00","author":{"@id":"https:\/\/www.elgaucho.at\/baden-bei-wien\/#\/schema\/person\/3e485de270f1eee57f6661a603cc1d17"},"description":"Licht kann tr\u00fcgen: Zur blauen Stunde wirkt Ihr Steak anders gegart, als es ist \u2013 das liegt an der Lichtstimmung, nicht am Grillmeister!","breadcrumb":{"@id":"https:\/\/www.elgaucho.at\/baden-bei-wien\/blaue-stunde\/#breadcrumb"},"inLanguage":"de","potentialAction":[{"@type":"ReadAction","target":["https:\/\/www.elgaucho.at\/baden-bei-wien\/blaue-stunde\/"]}]},{"@type":"BreadcrumbList","@id":"https:\/\/www.elgaucho.at\/baden-bei-wien\/blaue-stunde\/#breadcrumb","itemListElement":[{"@type":"ListItem","position":1,"name":"Startseite","item":"https:\/\/www.elgaucho.at\/baden-bei-wien\/"},{"@type":"ListItem","position":2,"name":"Die perfekte Garstufe in der blauen Stunde"}]},{"@type":"WebSite","@id":"https:\/\/www.elgaucho.at\/baden-bei-wien\/#website","url":"https:\/\/www.elgaucho.at\/baden-bei-wien\/","name":"el Gaucho im Josefsbad","description":"","potentialAction":[{"@type":"SearchAction","target":{"@type":"EntryPoint","urlTemplate":"https:\/\/www.elgaucho.at\/baden-bei-wien\/?s={search_term_string}"},"query-input":"required name=search_term_string"}],"inLanguage":"de"},{"@type":"Person","@id":"https:\/\/www.elgaucho.at\/baden-bei-wien\/#\/schema\/person\/3e485de270f1eee57f6661a603cc1d17","name":"elgaucho","url":"https:\/\/www.elgaucho.at\/baden-bei-wien\/author\/elgaucho\/"}]}},"_links":{"self":[{"href":"https:\/\/www.elgaucho.at\/baden-bei-wien\/wp-json\/wp\/v2\/posts\/3183"}],"collection":[{"href":"https:\/\/www.elgaucho.at\/baden-bei-wien\/wp-json\/wp\/v2\/posts"}],"about":[{"href":"https:\/\/www.elgaucho.at\/baden-bei-wien\/wp-json\/wp\/v2\/types\/post"}],"author":[{"embeddable":true,"href":"https:\/\/www.elgaucho.at\/baden-bei-wien\/wp-json\/wp\/v2\/users\/1"}],"replies":[{"embeddable":true,"href":"https:\/\/www.elgaucho.at\/baden-bei-wien\/wp-json\/wp\/v2\/comments?post=3183"}],"version-history":[{"count":11,"href":"https:\/\/www.elgaucho.at\/baden-bei-wien\/wp-json\/wp\/v2\/posts\/3183\/revisions"}],"predecessor-version":[{"id":3194,"href":"https:\/\/www.elgaucho.at\/baden-bei-wien\/wp-json\/wp\/v2\/posts\/3183\/revisions\/3194"}],"wp:attachment":[{"href":"https:\/\/www.elgaucho.at\/baden-bei-wien\/wp-json\/wp\/v2\/media?parent=3183"}],"wp:term":[{"taxonomy":"category","embeddable":true,"href":"https:\/\/www.elgaucho.at\/baden-bei-wien\/wp-json\/wp\/v2\/categories?post=3183"},{"taxonomy":"post_tag","embeddable":true,"href":"https:\/\/www.elgaucho.at\/baden-bei-wien\/wp-json\/wp\/v2\/tags?post=3183"}],"curies":[{"name":"wp","href":"https:\/\/api.w.org\/{rel}","templated":true}]}}